{"id":863,"date":"2024-07-19T11:25:01","date_gmt":"2024-07-19T09:25:01","guid":{"rendered":"https:\/\/www.guadalcifi.com\/?p=863"},"modified":"2024-07-19T11:25:02","modified_gmt":"2024-07-19T09:25:02","slug":"cinefan-festival-ubeda-2024","status":"publish","type":"post","link":"https:\/\/www.guadalcifi.com\/index.php\/2024\/07\/19\/cinefan-festival-ubeda-2024\/","title":{"rendered":"Cinefan Festival \u00dabeda 2024"},"content":{"rendered":"\n<p class=\"has-text-align-left\"><br>GuadalCifi, un a\u00f1o m\u00e1s, estar\u00e1 evento cin\u00e9filo-seri\u00e9filo m\u00e1s importante del verano, el Cinefan Festival \u00dabeda.<\/p>\n\n\n\n<h2 class=\"has-text-align-center wp-block-heading\"><strong>Cinefan Festival \u00dabeda, del 19 al 21 de julio de 2024<\/strong><\/h2>\n\n\n\n<figure class=\"wp-block-image\"><img decoding=\"async\" src=\"https:\/\/blogger.googleusercontent.com\/img\/b\/R29vZ2xl\/AVvXsEjVqMVPzsAh6IOkMSCdXbQs-BtfE4oRtBZUcwaQ9-fvu1iNSkE6t9Yzb8ejF03O7fCHwvmKoYs9aMSZCFFUeIpjOgWog7u4h04wNMqF25-pSuu87MjIfOuIl0Da05I84BjS7jd81ndeNt7HrhcjrCStIrVPMPpaIGO_TI2IO1U6xxiDz-4SC4Ivsa9my3M\/s16000\/Cartel%20CINEFAN%20Festival2024.jpg\" alt=\"Cartel%20CINEFAN%20Festival2024\" title=\"Cartel%20CINEFAN%20Festival2024\"\/><\/figure>\n\n\n\n<p><\/p>\n\n\n\n<p>Aqu\u00ed puedes ver <a href=\"http:\/\/cinefanfestivalubeda.blogspot.com\/p\/programacion.html\">toda la programaci\u00f3n al completo<\/a>, y tambi\u00e9n<a href=\"http:\/\/cinefanfestivalubeda.blogspot.com\/p\/invitados-cinefan-festival-2013.html\"> el largu\u00edsimo listado de Invitados<\/a>.<\/p>\n\n\n\n<p><\/p>\n\n\n\n<p><strong>NUESTRA PARTICIPACION<\/strong>: <a href=\"http:\/\/cinefanfestivalubeda.blogspot.com\/2024\/07\/el-palacio-vela-de-los-cobos-sera-sede.html\">http:\/\/cinefanfestivalubeda.blogspot.com\/2024\/07\/el-palacio-vela-de-los-cobos-sera-sede.html<\/a><\/p>\n\n\n\n<p><strong>HORARIOS<\/strong>:<\/p>\n\n\n\n<ul class=\"wp-block-list\"><li>SABADO 20 de julio, pases 11:00, 11:30 y 12:00<\/li><li>DOMINGO 21 de julio, pases 10:30, 11:00 y 11:30<\/li><\/ul>\n\n\n\n<p><strong>Y por supuesto, desfilaremos el s\u00e1bado a las 21:00 en la Paseo de la Fama<\/strong><\/p>\n\n\n\n<figure class=\"wp-block-image size-full\"><img loading=\"lazy\" decoding=\"async\" width=\"512\" height=\"512\" src=\"https:\/\/www.guadalcifi.com\/wp-content\/uploads\/2024\/07\/imagen.png\" alt=\"\" class=\"wp-image-864\" srcset=\"https:\/\/www.guadalcifi.com\/wp-content\/uploads\/2024\/07\/imagen.png 512w, https:\/\/www.guadalcifi.com\/wp-content\/uploads\/2024\/07\/imagen-300x300.png 300w, https:\/\/www.guadalcifi.com\/wp-content\/uploads\/2024\/07\/imagen-150x150.png 150w\" sizes=\"(max-width: 512px) 100vw, 512px\" \/><\/figure>\n","protected":false},"excerpt":{"rendered":"<p>GuadalCifi, un a\u00f1o m\u00e1s, estar\u00e1 evento cin\u00e9filo-seri\u00e9filo m\u00e1s importante del verano, el Cinefan Festival \u00dabeda. Cinefan Festival \u00dabeda, del 19[&#8230;]<\/p>\n","protected":false},"author":3,"featured_media":0,"comment_status":"open","ping_status":"open","sticky":false,"template":"","format":"standard","meta":{"_exactmetrics_skip_tracking":false,"_exactmetrics_sitenote_active":false,"_exactmetrics_sitenote_note":"","_exactmetrics_sitenote_category":0,"footnotes":""},"categories":[1],"tags":[],"class_list":["post-863","post","type-post","status-publish","format-standard","hentry","category-uncategorized"],"yoast_head":"<!-- This site is optimized with the Yoast SEO plugin v23.3 - https:\/\/yoast.com\/wordpress\/plugins\/seo\/ -->\n<title>Cinefan Festival \u00dabeda 2024 - GuadalCIFI<\/title>\n<meta name=\"robots\" content=\"index, follow, max-snippet:-1, max-image-preview:large, max-video-preview:-1\" \/>\n<link rel=\"canonical\" href=\"https:\/\/www.guadalcifi.com\/index.php\/2024\/07\/19\/cinefan-festival-ubeda-2024\/\" \/>\n<meta property=\"og:locale\" content=\"es_ES\" \/>\n<meta property=\"og:type\" content=\"article\" \/>\n<meta property=\"og:title\" content=\"Cinefan Festival \u00dabeda 2024 - GuadalCIFI\" \/>\n<meta property=\"og:description\" content=\"GuadalCifi, un a\u00f1o m\u00e1s, estar\u00e1 evento cin\u00e9filo-seri\u00e9filo m\u00e1s importante del verano, el Cinefan Festival \u00dabeda. Cinefan Festival \u00dabeda, del 19[...]\" \/>\n<meta property=\"og:url\" content=\"https:\/\/www.guadalcifi.com\/index.php\/2024\/07\/19\/cinefan-festival-ubeda-2024\/\" \/>\n<meta property=\"og:site_name\" content=\"GuadalCIFI\" \/>\n<meta property=\"article:publisher\" content=\"https:\/\/www.facebook.com\/GuadalCIFI\/\" \/>\n<meta property=\"article:published_time\" content=\"2024-07-19T09:25:01+00:00\" \/>\n<meta property=\"article:modified_time\" content=\"2024-07-19T09:25:02+00:00\" \/>\n<meta property=\"og:image\" content=\"https:\/\/blogger.googleusercontent.com\/img\/b\/R29vZ2xl\/AVvXsEjVqMVPzsAh6IOkMSCdXbQs-BtfE4oRtBZUcwaQ9-fvu1iNSkE6t9Yzb8ejF03O7fCHwvmKoYs9aMSZCFFUeIpjOgWog7u4h04wNMqF25-pSuu87MjIfOuIl0Da05I84BjS7jd81ndeNt7HrhcjrCStIrVPMPpaIGO_TI2IO1U6xxiDz-4SC4Ivsa9my3M\/s16000\/Cartel%20CINEFAN%20Festival2024.jpg\" \/>\n<meta name=\"author\" content=\"troncha\" \/>\n<meta name=\"twitter:card\" content=\"summary_large_image\" \/>\n<meta name=\"twitter:creator\" content=\"@GuadalCIFI\" \/>\n<meta name=\"twitter:site\" content=\"@GuadalCIFI\" \/>\n<meta name=\"twitter:label1\" content=\"Escrito por\" \/>\n\t<meta name=\"twitter:data1\" content=\"troncha\" \/>\n\t<meta name=\"twitter:label2\" content=\"Tiempo de lectura\" \/>\n\t<meta name=\"twitter:data2\" content=\"1 minuto\" \/>\n<script type=\"application\/ld+json\" class=\"yoast-schema-graph\">{\"@context\":\"https:\/\/schema.org\",\"@graph\":[{\"@type\":\"Article\",\"@id\":\"https:\/\/www.guadalcifi.com\/index.php\/2024\/07\/19\/cinefan-festival-ubeda-2024\/#article\",\"isPartOf\":{\"@id\":\"https:\/\/www.guadalcifi.com\/index.php\/2024\/07\/19\/cinefan-festival-ubeda-2024\/\"},\"author\":{\"name\":\"troncha\",\"@id\":\"https:\/\/www.guadalcifi.com\/#\/schema\/person\/2c6947c6ff10de22871a0bbb41a19aa6\"},\"headline\":\"Cinefan Festival \u00dabeda 2024\",\"datePublished\":\"2024-07-19T09:25:01+00:00\",\"dateModified\":\"2024-07-19T09:25:02+00:00\",\"mainEntityOfPage\":{\"@id\":\"https:\/\/www.guadalcifi.com\/index.php\/2024\/07\/19\/cinefan-festival-ubeda-2024\/\"},\"wordCount\":83,\"commentCount\":0,\"publisher\":{\"@id\":\"https:\/\/www.guadalcifi.com\/#organization\"},\"image\":{\"@id\":\"https:\/\/www.guadalcifi.com\/index.php\/2024\/07\/19\/cinefan-festival-ubeda-2024\/#primaryimage\"},\"thumbnailUrl\":\"https:\/\/blogger.googleusercontent.com\/img\/b\/R29vZ2xl\/AVvXsEjVqMVPzsAh6IOkMSCdXbQs-BtfE4oRtBZUcwaQ9-fvu1iNSkE6t9Yzb8ejF03O7fCHwvmKoYs9aMSZCFFUeIpjOgWog7u4h04wNMqF25-pSuu87MjIfOuIl0Da05I84BjS7jd81ndeNt7HrhcjrCStIrVPMPpaIGO_TI2IO1U6xxiDz-4SC4Ivsa9my3M\/s16000\/Cartel%20CINEFAN%20Festival2024.jpg\",\"articleSection\":[\"Uncategorized\"],\"inLanguage\":\"es\",\"potentialAction\":[{\"@type\":\"CommentAction\",\"name\":\"Comment\",\"target\":[\"https:\/\/www.guadalcifi.com\/index.php\/2024\/07\/19\/cinefan-festival-ubeda-2024\/#respond\"]}]},{\"@type\":\"WebPage\",\"@id\":\"https:\/\/www.guadalcifi.com\/index.php\/2024\/07\/19\/cinefan-festival-ubeda-2024\/\",\"url\":\"https:\/\/www.guadalcifi.com\/index.php\/2024\/07\/19\/cinefan-festival-ubeda-2024\/\",\"name\":\"Cinefan Festival \u00dabeda 2024 - GuadalCIFI\",\"isPartOf\":{\"@id\":\"https:\/\/www.guadalcifi.com\/#website\"},\"primaryImageOfPage\":{\"@id\":\"https:\/\/www.guadalcifi.com\/index.php\/2024\/07\/19\/cinefan-festival-ubeda-2024\/#primaryimage\"},\"image\":{\"@id\":\"https:\/\/www.guadalcifi.com\/index.php\/2024\/07\/19\/cinefan-festival-ubeda-2024\/#primaryimage\"},\"thumbnailUrl\":\"https:\/\/blogger.googleusercontent.com\/img\/b\/R29vZ2xl\/AVvXsEjVqMVPzsAh6IOkMSCdXbQs-BtfE4oRtBZUcwaQ9-fvu1iNSkE6t9Yzb8ejF03O7fCHwvmKoYs9aMSZCFFUeIpjOgWog7u4h04wNMqF25-pSuu87MjIfOuIl0Da05I84BjS7jd81ndeNt7HrhcjrCStIrVPMPpaIGO_TI2IO1U6xxiDz-4SC4Ivsa9my3M\/s16000\/Cartel%20CINEFAN%20Festival2024.jpg\",\"datePublished\":\"2024-07-19T09:25:01+00:00\",\"dateModified\":\"2024-07-19T09:25:02+00:00\",\"breadcrumb\":{\"@id\":\"https:\/\/www.guadalcifi.com\/index.php\/2024\/07\/19\/cinefan-festival-ubeda-2024\/#breadcrumb\"},\"inLanguage\":\"es\",\"potentialAction\":[{\"@type\":\"ReadAction\",\"target\":[\"https:\/\/www.guadalcifi.com\/index.php\/2024\/07\/19\/cinefan-festival-ubeda-2024\/\"]}]},{\"@type\":\"ImageObject\",\"inLanguage\":\"es\",\"@id\":\"https:\/\/www.guadalcifi.com\/index.php\/2024\/07\/19\/cinefan-festival-ubeda-2024\/#primaryimage\",\"url\":\"https:\/\/blogger.googleusercontent.com\/img\/b\/R29vZ2xl\/AVvXsEjVqMVPzsAh6IOkMSCdXbQs-BtfE4oRtBZUcwaQ9-fvu1iNSkE6t9Yzb8ejF03O7fCHwvmKoYs9aMSZCFFUeIpjOgWog7u4h04wNMqF25-pSuu87MjIfOuIl0Da05I84BjS7jd81ndeNt7HrhcjrCStIrVPMPpaIGO_TI2IO1U6xxiDz-4SC4Ivsa9my3M\/s16000\/Cartel%20CINEFAN%20Festival2024.jpg\",\"contentUrl\":\"https:\/\/blogger.googleusercontent.com\/img\/b\/R29vZ2xl\/AVvXsEjVqMVPzsAh6IOkMSCdXbQs-BtfE4oRtBZUcwaQ9-fvu1iNSkE6t9Yzb8ejF03O7fCHwvmKoYs9aMSZCFFUeIpjOgWog7u4h04wNMqF25-pSuu87MjIfOuIl0Da05I84BjS7jd81ndeNt7HrhcjrCStIrVPMPpaIGO_TI2IO1U6xxiDz-4SC4Ivsa9my3M\/s16000\/Cartel%20CINEFAN%20Festival2024.jpg\"},{\"@type\":\"BreadcrumbList\",\"@id\":\"https:\/\/www.guadalcifi.com\/index.php\/2024\/07\/19\/cinefan-festival-ubeda-2024\/#breadcrumb\",\"itemListElement\":[{\"@type\":\"ListItem\",\"position\":1,\"name\":\"Portada\",\"item\":\"https:\/\/www.guadalcifi.com\/\"},{\"@type\":\"ListItem\",\"position\":2,\"name\":\"Cinefan Festival \u00dabeda 2024\"}]},{\"@type\":\"WebSite\",\"@id\":\"https:\/\/www.guadalcifi.com\/#website\",\"url\":\"https:\/\/www.guadalcifi.com\/\",\"name\":\"GuadalCIFI\",\"description\":\"Asociaci\u00f3n Andaluza de Amigos de la Ciencia Ficci\u00f3n y la Fantas\u00eda\",\"publisher\":{\"@id\":\"https:\/\/www.guadalcifi.com\/#organization\"},\"potentialAction\":[{\"@type\":\"SearchAction\",\"target\":{\"@type\":\"EntryPoint\",\"urlTemplate\":\"https:\/\/www.guadalcifi.com\/?s={search_term_string}\"},\"query-input\":\"required name=search_term_string\"}],\"inLanguage\":\"es\"},{\"@type\":\"Organization\",\"@id\":\"https:\/\/www.guadalcifi.com\/#organization\",\"name\":\"GuadalCIFI\",\"url\":\"https:\/\/www.guadalcifi.com\/\",\"logo\":{\"@type\":\"ImageObject\",\"inLanguage\":\"es\",\"@id\":\"https:\/\/www.guadalcifi.com\/#\/schema\/logo\/image\/\",\"url\":\"https:\/\/www.guadalcifi.com\/wp-content\/uploads\/2017\/06\/cropped-icono.png\",\"contentUrl\":\"https:\/\/www.guadalcifi.com\/wp-content\/uploads\/2017\/06\/cropped-icono.png\",\"width\":512,\"height\":512,\"caption\":\"GuadalCIFI\"},\"image\":{\"@id\":\"https:\/\/www.guadalcifi.com\/#\/schema\/logo\/image\/\"},\"sameAs\":[\"https:\/\/www.facebook.com\/GuadalCIFI\/\",\"https:\/\/x.com\/GuadalCIFI\"]},{\"@type\":\"Person\",\"@id\":\"https:\/\/www.guadalcifi.com\/#\/schema\/person\/2c6947c6ff10de22871a0bbb41a19aa6\",\"name\":\"troncha\",\"url\":\"https:\/\/www.guadalcifi.com\/index.php\/author\/troncha\/\"}]}<\/script>\n<!-- \/ Yoast SEO plugin. -->","yoast_head_json":{"title":"Cinefan Festival \u00dabeda 2024 - GuadalCIFI","robots":{"index":"index","follow":"follow","max-snippet":"max-snippet:-1","max-image-preview":"max-image-preview:large","max-video-preview":"max-video-preview:-1"},"canonical":"https:\/\/www.guadalcifi.com\/index.php\/2024\/07\/19\/cinefan-festival-ubeda-2024\/","og_locale":"es_ES","og_type":"article","og_title":"Cinefan Festival \u00dabeda 2024 - GuadalCIFI","og_description":"GuadalCifi, un a\u00f1o m\u00e1s, estar\u00e1 evento cin\u00e9filo-seri\u00e9filo m\u00e1s importante del verano, el Cinefan Festival \u00dabeda. Cinefan Festival \u00dabeda, del 19[...]","og_url":"https:\/\/www.guadalcifi.com\/index.php\/2024\/07\/19\/cinefan-festival-ubeda-2024\/","og_site_name":"GuadalCIFI","article_publisher":"https:\/\/www.facebook.com\/GuadalCIFI\/","article_published_time":"2024-07-19T09:25:01+00:00","article_modified_time":"2024-07-19T09:25:02+00:00","og_image":[{"url":"https:\/\/blogger.googleusercontent.com\/img\/b\/R29vZ2xl\/AVvXsEjVqMVPzsAh6IOkMSCdXbQs-BtfE4oRtBZUcwaQ9-fvu1iNSkE6t9Yzb8ejF03O7fCHwvmKoYs9aMSZCFFUeIpjOgWog7u4h04wNMqF25-pSuu87MjIfOuIl0Da05I84BjS7jd81ndeNt7HrhcjrCStIrVPMPpaIGO_TI2IO1U6xxiDz-4SC4Ivsa9my3M\/s16000\/Cartel%20CINEFAN%20Festival2024.jpg"}],"author":"troncha","twitter_card":"summary_large_image","twitter_creator":"@GuadalCIFI","twitter_site":"@GuadalCIFI","twitter_misc":{"Escrito por":"troncha","Tiempo de lectura":"1 minuto"},"schema":{"@context":"https:\/\/schema.org","@graph":[{"@type":"Article","@id":"https:\/\/www.guadalcifi.com\/index.php\/2024\/07\/19\/cinefan-festival-ubeda-2024\/#article","isPartOf":{"@id":"https:\/\/www.guadalcifi.com\/index.php\/2024\/07\/19\/cinefan-festival-ubeda-2024\/"},"author":{"name":"troncha","@id":"https:\/\/www.guadalcifi.com\/#\/schema\/person\/2c6947c6ff10de22871a0bbb41a19aa6"},"headline":"Cinefan Festival \u00dabeda 2024","datePublished":"2024-07-19T09:25:01+00:00","dateModified":"2024-07-19T09:25:02+00:00","mainEntityOfPage":{"@id":"https:\/\/www.guadalcifi.com\/index.php\/2024\/07\/19\/cinefan-festival-ubeda-2024\/"},"wordCount":83,"commentCount":0,"publisher":{"@id":"https:\/\/www.guadalcifi.com\/#organization"},"image":{"@id":"https:\/\/www.guadalcifi.com\/index.php\/2024\/07\/19\/cinefan-festival-ubeda-2024\/#primaryimage"},"thumbnailUrl":"https:\/\/blogger.googleusercontent.com\/img\/b\/R29vZ2xl\/AVvXsEjVqMVPzsAh6IOkMSCdXbQs-BtfE4oRtBZUcwaQ9-fvu1iNSkE6t9Yzb8ejF03O7fCHwvmKoYs9aMSZCFFUeIpjOgWog7u4h04wNMqF25-pSuu87MjIfOuIl0Da05I84BjS7jd81ndeNt7HrhcjrCStIrVPMPpaIGO_TI2IO1U6xxiDz-4SC4Ivsa9my3M\/s16000\/Cartel%20CINEFAN%20Festival2024.jpg","articleSection":["Uncategorized"],"inLanguage":"es","potentialAction":[{"@type":"CommentAction","name":"Comment","target":["https:\/\/www.guadalcifi.com\/index.php\/2024\/07\/19\/cinefan-festival-ubeda-2024\/#respond"]}]},{"@type":"WebPage","@id":"https:\/\/www.guadalcifi.com\/index.php\/2024\/07\/19\/cinefan-festival-ubeda-2024\/","url":"https:\/\/www.guadalcifi.com\/index.php\/2024\/07\/19\/cinefan-festival-ubeda-2024\/","name":"Cinefan Festival \u00dabeda 2024 - GuadalCIFI","isPartOf":{"@id":"https:\/\/www.guadalcifi.com\/#website"},"primaryImageOfPage":{"@id":"https:\/\/www.guadalcifi.com\/index.php\/2024\/07\/19\/cinefan-festival-ubeda-2024\/#primaryimage"},"image":{"@id":"https:\/\/www.guadalcifi.com\/index.php\/2024\/07\/19\/cinefan-festival-ubeda-2024\/#primaryimage"},"thumbnailUrl":"https:\/\/blogger.googleusercontent.com\/img\/b\/R29vZ2xl\/AVvXsEjVqMVPzsAh6IOkMSCdXbQs-BtfE4oRtBZUcwaQ9-fvu1iNSkE6t9Yzb8ejF03O7fCHwvmKoYs9aMSZCFFUeIpjOgWog7u4h04wNMqF25-pSuu87MjIfOuIl0Da05I84BjS7jd81ndeNt7HrhcjrCStIrVPMPpaIGO_TI2IO1U6xxiDz-4SC4Ivsa9my3M\/s16000\/Cartel%20CINEFAN%20Festival2024.jpg","datePublished":"2024-07-19T09:25:01+00:00","dateModified":"2024-07-19T09:25:02+00:00","breadcrumb":{"@id":"https:\/\/www.guadalcifi.com\/index.php\/2024\/07\/19\/cinefan-festival-ubeda-2024\/#breadcrumb"},"inLanguage":"es","potentialAction":[{"@type":"ReadAction","target":["https:\/\/www.guadalcifi.com\/index.php\/2024\/07\/19\/cinefan-festival-ubeda-2024\/"]}]},{"@type":"ImageObject","inLanguage":"es","@id":"https:\/\/www.guadalcifi.com\/index.php\/2024\/07\/19\/cinefan-festival-ubeda-2024\/#primaryimage","url":"https:\/\/blogger.googleusercontent.com\/img\/b\/R29vZ2xl\/AVvXsEjVqMVPzsAh6IOkMSCdXbQs-BtfE4oRtBZUcwaQ9-fvu1iNSkE6t9Yzb8ejF03O7fCHwvmKoYs9aMSZCFFUeIpjOgWog7u4h04wNMqF25-pSuu87MjIfOuIl0Da05I84BjS7jd81ndeNt7HrhcjrCStIrVPMPpaIGO_TI2IO1U6xxiDz-4SC4Ivsa9my3M\/s16000\/Cartel%20CINEFAN%20Festival2024.jpg","contentUrl":"https:\/\/blogger.googleusercontent.com\/img\/b\/R29vZ2xl\/AVvXsEjVqMVPzsAh6IOkMSCdXbQs-BtfE4oRtBZUcwaQ9-fvu1iNSkE6t9Yzb8ejF03O7fCHwvmKoYs9aMSZCFFUeIpjOgWog7u4h04wNMqF25-pSuu87MjIfOuIl0Da05I84BjS7jd81ndeNt7HrhcjrCStIrVPMPpaIGO_TI2IO1U6xxiDz-4SC4Ivsa9my3M\/s16000\/Cartel%20CINEFAN%20Festival2024.jpg"},{"@type":"BreadcrumbList","@id":"https:\/\/www.guadalcifi.com\/index.php\/2024\/07\/19\/cinefan-festival-ubeda-2024\/#breadcrumb","itemListElement":[{"@type":"ListItem","position":1,"name":"Portada","item":"https:\/\/www.guadalcifi.com\/"},{"@type":"ListItem","position":2,"name":"Cinefan Festival \u00dabeda 2024"}]},{"@type":"WebSite","@id":"https:\/\/www.guadalcifi.com\/#website","url":"https:\/\/www.guadalcifi.com\/","name":"GuadalCIFI","description":"Asociaci\u00f3n Andaluza de Amigos de la Ciencia Ficci\u00f3n y la Fantas\u00eda","publisher":{"@id":"https:\/\/www.guadalcifi.com\/#organization"},"potentialAction":[{"@type":"SearchAction","target":{"@type":"EntryPoint","urlTemplate":"https:\/\/www.guadalcifi.com\/?s={search_term_string}"},"query-input":"required name=search_term_string"}],"inLanguage":"es"},{"@type":"Organization","@id":"https:\/\/www.guadalcifi.com\/#organization","name":"GuadalCIFI","url":"https:\/\/www.guadalcifi.com\/","logo":{"@type":"ImageObject","inLanguage":"es","@id":"https:\/\/www.guadalcifi.com\/#\/schema\/logo\/image\/","url":"https:\/\/www.guadalcifi.com\/wp-content\/uploads\/2017\/06\/cropped-icono.png","contentUrl":"https:\/\/www.guadalcifi.com\/wp-content\/uploads\/2017\/06\/cropped-icono.png","width":512,"height":512,"caption":"GuadalCIFI"},"image":{"@id":"https:\/\/www.guadalcifi.com\/#\/schema\/logo\/image\/"},"sameAs":["https:\/\/www.facebook.com\/GuadalCIFI\/","https:\/\/x.com\/GuadalCIFI"]},{"@type":"Person","@id":"https:\/\/www.guadalcifi.com\/#\/schema\/person\/2c6947c6ff10de22871a0bbb41a19aa6","name":"troncha","url":"https:\/\/www.guadalcifi.com\/index.php\/author\/troncha\/"}]}},"_links":{"self":[{"href":"https:\/\/www.guadalcifi.com\/index.php\/wp-json\/wp\/v2\/posts\/863"}],"collection":[{"href":"https:\/\/www.guadalcifi.com\/index.php\/wp-json\/wp\/v2\/posts"}],"about":[{"href":"https:\/\/www.guadalcifi.com\/index.php\/wp-json\/wp\/v2\/types\/post"}],"author":[{"embeddable":true,"href":"https:\/\/www.guadalcifi.com\/index.php\/wp-json\/wp\/v2\/users\/3"}],"replies":[{"embeddable":true,"href":"https:\/\/www.guadalcifi.com\/index.php\/wp-json\/wp\/v2\/comments?post=863"}],"version-history":[{"count":1,"href":"https:\/\/www.guadalcifi.com\/index.php\/wp-json\/wp\/v2\/posts\/863\/revisions"}],"predecessor-version":[{"id":865,"href":"https:\/\/www.guadalcifi.com\/index.php\/wp-json\/wp\/v2\/posts\/863\/revisions\/865"}],"wp:attachment":[{"href":"https:\/\/www.guadalcifi.com\/index.php\/wp-json\/wp\/v2\/media?parent=863"}],"wp:term":[{"taxonomy":"category","embeddable":true,"href":"https:\/\/www.guadalcifi.com\/index.php\/wp-json\/wp\/v2\/categories?post=863"},{"taxonomy":"post_tag","embeddable":true,"href":"https:\/\/www.guadalcifi.com\/index.php\/wp-json\/wp\/v2\/tags?post=863"}],"curies":[{"name":"wp","href":"https:\/\/api.w.org\/{rel}","templated":true}]}}